{"id":3296,"date":"2026-06-12T17:46:45","date_gmt":"2026-06-12T15:46:45","guid":{"rendered":"http:\/\/www.gsv.si\/?p=3296"},"modified":"2026-08-21T10:04:15","modified_gmt":"2026-08-21T10:04:15","slug":"pred-zakljuckom-solskega-leta","status":"publish","type":"post","link":"https:\/\/delo.gsv.si\/?p=3296","title":{"rendered":"Pred zaklju\u010dkom \u0161olskega leta"},"content":{"rendered":"<p>Dragi obiskovalci,<\/p>\n<p>pred zaklju\u010dkom \u0161olskega leta se vam \u0161e enkrat ogla\u0161amo &#8211; s \u010destitkami in zahvalo tudi publiki za obisk in podporo na \u0161tirih \u010dudovitih koncertih ob 50-letnici G\u0160 Vrhnika ter v pri\u010dakovanju \u0161e zadnjega, petega koncerta Con anima prihodnjo sredo, 17. junija.<\/p>\n<p>Teh pet velikih koncertov pa ni edino, kar smo in \u0161e bomo pripravili ob tem jubileju; s posebnim ponosom in veseljem vas vabimo na Zaklju\u010dni koncert Argonavtskega festivala Vrhnika to nedeljo, 14. junija, ob 20. uri v \u0160portni park Vrhnika! Pozor &#8211; \u010de se vreme poslab\u0161a, za\u010dnemo \u017ee ob 19. uri (https:\/\/visitvrhnika.si\/dogodki\/zakljucni-koncert-festivala\/).<\/p>\n<p>V naslednjih dneh nas \u010dakajo \u0161e zadnji zaklju\u010dni nastopi:<\/p>\n<ul>\n<li>Letni koncert MPZ Ivana Cankarja Vrhnika z gosti; u\u010denci G\u0160 Vrhnika 14. junija ob 18. uri v cerkvi sv. Lenarta na Vrhniki<\/li>\n<li>Zaklju\u010dni koncert Argonavtskega festivala 14. junija ob 20. uri v \u0160portnem parku Vrhnika<\/li>\n<li>Zaklju\u010dni nastop najmlaj\u0161ih u\u010dencev glasbenega in plesnega programa 15. junija ob 18. uri v dvorani G\u0160 Vrhnika<\/li>\n<li>Zaklju\u010dni recital violinistke Line Kebe Te\u0161ar 16. junija ob 19. uri v\u00a0dvorani G\u0160 Vrhnika<\/li>\n<li>Peti koncert ob 50-letnici CON ANIMA 17. junija ob 19. uri v Cankarjevem domu Vrhnika<\/li>\n<li>Zaklju\u010dni recital klarinetista Lana Gutnika 18. junija ob 18. uri v\u00a0dvorani G\u0160 Vrhnika<\/li>\n<li>Muzikal horjulskega oddelka 19. junija ob 19. uri v Prosvetnem domu Horjul<\/li>\n<li>Zaklju\u010dni recital solopevke Ur\u0161e Kr\u017ei\u010d 19. junija ob 19.30 v\u00a0dvorani G\u0160 Vrhnika<\/li>\n<\/ul>\n<p>\u0160olsko leto pa bomo zaklju\u010dili s podelitvijo spri\u010deval 24. junija ob 15. uri v mati\u010dni enoti na Vrhniki in z glasbo pospremili prehod v spro\u0161\u010deno poletje; naj vam ga popestrijo najlep\u0161i utrinki pretekle sezone!<\/p>\n<p><img loading=\"lazy\" decoding=\"async\" class=\"alignnone wp-image-3275\" src=\"https:\/\/delo.gsv.si\/wp-content\/uploads\/2026\/05\/plakat-splet-107x300.jpg\" alt=\"\" width=\"621\" height=\"1741\" \/><\/p>\n","protected":false},"excerpt":{"rendered":"<p>Dragi obiskovalci, pred zaklju\u010dkom \u0161olskega leta se vam \u0161e enkrat ogla\u0161amo &#8211; s \u010destitkami in zahvalo tudi publiki za obisk in podporo na \u0161tirih \u010dudovitih koncertih ob 50-letnici G\u0160 Vrhnika ter v pri\u010dakovanju \u0161e zadnjega, petega koncerta Con anima prihodnjo sredo, 17. junija. Teh pet velikih koncertov pa ni edino, kar smo in \u0161e bomo [&hellip;]<\/p>\n","protected":false},"author":2,"featured_media":3309,"comment_status":"closed","ping_status":"closed","sticky":false,"template":"","format":"standard","meta":{"inline_featured_image":false,"_breakdance_hide_in_design_set":false,"_breakdance_tags":"","footnotes":""},"categories":[13],"tags":[],"class_list":["post-3296","post","type-post","status-publish","format-standard","has-post-thumbnail","hentry","category-nekategorizirano"],"_links":{"self":[{"href":"https:\/\/delo.gsv.si\/index.php?rest_route=\/wp\/v2\/posts\/3296","targetHints":{"allow":["GET"]}}],"collection":[{"href":"https:\/\/delo.gsv.si\/index.php?rest_route=\/wp\/v2\/posts"}],"about":[{"href":"https:\/\/delo.gsv.si\/index.php?rest_route=\/wp\/v2\/types\/post"}],"author":[{"embeddable":true,"href":"https:\/\/delo.gsv.si\/index.php?rest_route=\/wp\/v2\/users\/2"}],"replies":[{"embeddable":true,"href":"https:\/\/delo.gsv.si\/index.php?rest_route=%2Fwp%2Fv2%2Fcomments&post=3296"}],"version-history":[{"count":1,"href":"https:\/\/delo.gsv.si\/index.php?rest_route=\/wp\/v2\/posts\/3296\/revisions"}],"predecessor-version":[{"id":3311,"href":"https:\/\/delo.gsv.si\/index.php?rest_route=\/wp\/v2\/posts\/3296\/revisions\/3311"}],"wp:featuredmedia":[{"embeddable":true,"href":"https:\/\/delo.gsv.si\/index.php?rest_route=\/wp\/v2\/media\/3309"}],"wp:attachment":[{"href":"https:\/\/delo.gsv.si\/index.php?rest_route=%2Fwp%2Fv2%2Fmedia&parent=3296"}],"wp:term":[{"taxonomy":"category","embeddable":true,"href":"https:\/\/delo.gsv.si\/index.php?rest_route=%2Fwp%2Fv2%2Fcategories&post=3296"},{"taxonomy":"post_tag","embeddable":true,"href":"https:\/\/delo.gsv.si\/index.php?rest_route=%2Fwp%2Fv2%2Ftags&post=3296"}],"curies":[{"name":"wp","href":"https:\/\/api.w.org\/{rel}","templated":true}]}}