{"id":3271,"date":"2026-05-08T10:55:46","date_gmt":"2026-05-08T08:55:46","guid":{"rendered":"http:\/\/www.gsv.si\/?p=3271"},"modified":"2026-08-21T10:04:28","modified_gmt":"2026-08-21T10:04:28","slug":"vabilo-k-praznovanju-okroglega-jubileja-in-rajanju-ob-pestrem-zakljucku-pomladne-sezone","status":"publish","type":"post","link":"https:\/\/delo.gsv.si\/?p=3271","title":{"rendered":"Vabilo k praznovanju okroglega jubileja in dogajanju ob pestrem zaklju\u010dku sezone"},"content":{"rendered":"<p>Dragi obiskovalci,<\/p>\n<p>\u017ee veste, da letos Glasbena \u0161ola Vrhnika obele\u017euje 50 let? Po pestrem aprilskem dogajanju nas v naslednjih tednih \u010daka glavnina dogodkov ob tem okroglem jubileju in vabimo vas, da praznujete z nami! Zagotovite si svojo vstopnico za 5 koncertov ob 50-letnici, ki bodo 25., 26. in 27. maja ter 8. in 17. junija v Cankarjevem domu Vrhnika. Veseli bomo va\u0161ega obiska!<\/p>\n<p><img loading=\"lazy\" decoding=\"async\" class=\"alignnone wp-image-3290\" src=\"https:\/\/delo.gsv.si\/wp-content\/uploads\/2026\/05\/plakat-splet-1-1-214x300.jpg\" alt=\"\" width=\"400\" height=\"561\" \/><\/p>\n<p><img loading=\"lazy\" decoding=\"async\" class=\"alignnone wp-image-3291\" src=\"https:\/\/delo.gsv.si\/wp-content\/uploads\/2026\/05\/plakat-splet-2-214x300.jpg\" alt=\"\" width=\"399\" height=\"559\" \/><\/p>\n<p>&nbsp;<\/p>\n<p>\u010ce bi se \u017eeleli pridru\u017eiti skupnosti Glasbene \u0161ole Vrhnika, vas lepo vabimo k vpisu. Prijavite se na naslednji povezavi: <a href=\"https:\/\/www.eglasbenasola.si\/vpis\/48\">https:\/\/www.eglasbenasola.si\/vpis\/48<\/a>. Za ve\u010d informacij pa se oglasite na dnevu odprtih vrat v \u010detrtek, 14. maja med 16. in 18. uro. Vabimo pa vas tudi na druge zanimive nastope, koncerte in dogodke, ki jih prirejamo v tem in naslednjem mesecu:<\/p>\n<p>Ob Kettejevem in Cankarjevem letu 2026 Glasbena \u0161ola Ilirska Bistrica in Glasbena \u0161ola Vrhnika pripravljata izmenjavo u\u010dencev na dveh koncertih: 11. maja v Ilirski Bistrici in 15. maja na Vrhniki v okviru Festivala Vrhnika. Dobrodo\u0161li na obeh lokacijah, vstop je prost.<\/p>\n<p>&nbsp;<\/p>\n<p><img loading=\"lazy\" decoding=\"async\" class=\"alignnone wp-image-3272\" src=\"https:\/\/delo.gsv.si\/wp-content\/uploads\/2026\/05\/Koncert-G%C5%A0-Vrhnika-in-G%C5%A0-Ilirska-Bistrica-11.-5.-2026-212x300.jpg\" alt=\"\" width=\"346\" height=\"490\" \/><img loading=\"lazy\" decoding=\"async\" class=\"alignnone wp-image-3274\" src=\"https:\/\/delo.gsv.si\/wp-content\/uploads\/2026\/05\/15.-5.-169x300.png\" alt=\"\" width=\"276\" height=\"490\" \/><\/p>\n<p>\u017de 15. leto rajamo z otroci cele Slovenije, ki sodelujejo na festivalu poezije in nas navdu\u0161ujejo z rimami. Vabimo vas na sklepno prireditev Rima raje, ki bo v sredo, 13. maja, ob 18. uri v Cankarjevem domu na Vrhniki.<\/p>\n<p>Tudi v oddelkih glasbene \u0161ole v Borovnici in Horjulu ne po\u010divamo. Prilo\u017enost za obisk glasbenih prireditev na teh lokacijah vam ponujamo 21. in 22. maja v Horjulu, ter 1. junija ob 18. uri v Bistri. Dobrodo\u0161li!<\/p>\n<p><img loading=\"lazy\" decoding=\"async\" class=\"alignnone size-medium wp-image-3276\" src=\"https:\/\/delo.gsv.si\/wp-content\/uploads\/2026\/05\/plakat-212x300.png\" alt=\"\" width=\"212\" height=\"300\" \/><img loading=\"lazy\" decoding=\"async\" class=\"alignnone size-medium wp-image-3277\" src=\"https:\/\/delo.gsv.si\/wp-content\/uploads\/2026\/05\/Javni-Horjul-21.5.--212x300.png\" alt=\"\" width=\"212\" height=\"300\" \/><img loading=\"lazy\" decoding=\"async\" class=\"alignnone size-medium wp-image-3278\" src=\"https:\/\/delo.gsv.si\/wp-content\/uploads\/2026\/05\/rastem-s-harmoniko-22.5.-300x212.png\" alt=\"\" width=\"300\" height=\"212\" \/><\/p>\n<p>Vsakotedenske glasbene srede so \u0161e aktualne in vam ponujajo raznolike nastope u\u010dencev in\u0161trumentov, ob 18.30 v \u0161olski dvorani na Vrhniki. Dobrodo\u0161li!<\/p>\n<p>Ob zaklju\u010devanju \u0161olskega leta se posebej poslovimo od u\u010dencev, ki zaklju\u010dujejo izobra\u017eevanje v glasbeni \u0161oli. Tako u\u010ditelji od njih, kot u\u010denci od u\u010diteljev. Slovesi, ki vabijo k nadaljnjemu stiku in ohranjanju vezi, potekajo ob glasbi, kjer ste dobrodo\u0161li vsi, najsi je to nastop absolventov v okviru Festivala Vrhnika 16. maja na Trojici, ali pa na katerem od zaklju\u010dnih recitalov v glasbeni \u0161oli na Vrhniki: 15. maja ob 20. uri (Rahela Rus, petje), 28. maja ob 18. uri v Prosvetnem domu Horjul (Voranc Bizjan, klavir), 29. maja ob 20. uri (Miranda Gerjolj, petje), 3. junija ob 19.30 (Aneta Sven\u0161ek, violon\u010delo), 16. junija ob 18. uri (Lina Kebe Te\u0161ar, violina), 18. junija ob 19. uri (Lan Gutnik, klarinet), 19. junija ob 19. uri (Ur\u0161a Kr\u017ei\u010d, petje).<\/p>\n<p>&nbsp;<\/p>\n<p>&nbsp;<\/p>\n","protected":false},"excerpt":{"rendered":"<p>Dragi obiskovalci, \u017ee veste, da letos Glasbena \u0161ola Vrhnika obele\u017euje 50 let? Po pestrem aprilskem dogajanju nas v naslednjih tednih \u010daka glavnina dogodkov ob tem okroglem jubileju in vabimo vas, da praznujete z nami! Zagotovite si svojo vstopnico za 5 koncertov ob 50-letnici, ki bodo 25., 26. in 27. maja ter 8. in 17. junija [&hellip;]<\/p>\n","protected":false},"author":2,"featured_media":3308,"comment_status":"closed","ping_status":"closed","sticky":false,"template":"","format":"standard","meta":{"inline_featured_image":false,"_breakdance_hide_in_design_set":false,"_breakdance_tags":"","footnotes":""},"categories":[13],"tags":[],"class_list":["post-3271","post","type-post","status-publish","format-standard","has-post-thumbnail","hentry","category-nekategorizirano"],"_links":{"self":[{"href":"https:\/\/delo.gsv.si\/index.php?rest_route=\/wp\/v2\/posts\/3271","targetHints":{"allow":["GET"]}}],"collection":[{"href":"https:\/\/delo.gsv.si\/index.php?rest_route=\/wp\/v2\/posts"}],"about":[{"href":"https:\/\/delo.gsv.si\/index.php?rest_route=\/wp\/v2\/types\/post"}],"author":[{"embeddable":true,"href":"https:\/\/delo.gsv.si\/index.php?rest_route=\/wp\/v2\/users\/2"}],"replies":[{"embeddable":true,"href":"https:\/\/delo.gsv.si\/index.php?rest_route=%2Fwp%2Fv2%2Fcomments&post=3271"}],"version-history":[{"count":1,"href":"https:\/\/delo.gsv.si\/index.php?rest_route=\/wp\/v2\/posts\/3271\/revisions"}],"predecessor-version":[{"id":3312,"href":"https:\/\/delo.gsv.si\/index.php?rest_route=\/wp\/v2\/posts\/3271\/revisions\/3312"}],"wp:featuredmedia":[{"embeddable":true,"href":"https:\/\/delo.gsv.si\/index.php?rest_route=\/wp\/v2\/media\/3308"}],"wp:attachment":[{"href":"https:\/\/delo.gsv.si\/index.php?rest_route=%2Fwp%2Fv2%2Fmedia&parent=3271"}],"wp:term":[{"taxonomy":"category","embeddable":true,"href":"https:\/\/delo.gsv.si\/index.php?rest_route=%2Fwp%2Fv2%2Fcategories&post=3271"},{"taxonomy":"post_tag","embeddable":true,"href":"https:\/\/delo.gsv.si\/index.php?rest_route=%2Fwp%2Fv2%2Ftags&post=3271"}],"curies":[{"name":"wp","href":"https:\/\/api.w.org\/{rel}","templated":true}]}}