{"id":3259,"date":"2026-04-21T18:44:33","date_gmt":"2026-04-21T16:44:33","guid":{"rendered":"http:\/\/www.gsv.si\/?p=3259"},"modified":"2026-08-21T10:47:20","modified_gmt":"2026-08-21T10:47:20","slug":"vabilo-k-vpisu-v-solsko-leto-202627","status":"publish","type":"post","link":"https:\/\/delo.gsv.si\/?p=3259","title":{"rendered":"Vabilo k vpisu v \u0161olsko leto 2026\/27"},"content":{"rendered":"<p>Dragi obiskovalci,<\/p>\n<p>vabimo vas k vpisu v glasbeno \u0161olo za novo \u0161olsko leto 2026\/27!\u00a0Vpis je mo\u017een po predhodni elektronski prijavi, povezavo smo \u017ee aktivirali:\u00a0<strong><a href=\"https:\/\/www.eglasbenasola.si\/vpis\/48\">https:\/\/www.eglasbenasola.si\/vpis\/48<\/a>\u00a0<\/strong><\/p>\n<p>Vpis na programe pred\u0161olska glasbena vzgoja, glasbena pripravnica in plesna pripravnica potekajo do zapolnitve mest. Kriterij za sprejem je ustrezna starost. Za vpis na in\u0161trumente, petje in balet se opravi preizkus glasbene oziroma plesne nadarjenosti. Sprejemni preizkusi glasbene nadarjenosti bodo potekali v petek, 22. maja na Vrhniki, v Borovnici in Horjulu. Po prijavi na zgornji povezavi boste po elektronski po\u0161ti dobili to\u010dno uro sprejemnega preizkusa.<\/p>\n<p>Za ve\u010d informacij o poteku pouka v glasbeni \u0161oli, glasbenih in baletnih programih, poteku sprejemnih preizkusov, kriterijih za sprejem in vsem ostalem, si lahko preberete v zavihku &#8221;vpis&#8221; ali pa se kar v \u017eivo oglasite na <strong>DNEVU ODPRTIH VRAT<\/strong>, ki bo v \u010detrtek, 14. maja 2026, med 16. in 18. uro v prostorih Glasbene \u0161ole Vrhnika, Trg Karla Grabelj\u0161ka 3. Dobrodo\u0161li!<\/p>\n<p><img loading=\"lazy\" decoding=\"async\" class=\"alignnone  wp-image-3260\" src=\"https:\/\/delo.gsv.si\/wp-content\/uploads\/2026\/04\/oglas-program-glasba-154x300.png\" alt=\"\" width=\"239\" height=\"466\" \/> <img loading=\"lazy\" decoding=\"async\" class=\"alignnone  wp-image-3261\" src=\"https:\/\/delo.gsv.si\/wp-content\/uploads\/2026\/04\/oglas-program-ples-154x300.png\" alt=\"\" width=\"239\" height=\"466\" \/><\/p>\n<p>Da pridobite nekaj dodatne motivacije za vpis, vpogled v na\u0161o dejavnost, ali pa si popestrite kak pomladni ve\u010der, vas vabimo k obisku koncertov v glasbeni \u0161oli. \u017de ta teden sta na sporedu dva: koncert godalnega kvarteta Al fine in koncert pianista Pabla Kova\u010da Takahashija. Za dogodke v mesecu maju pa spremljajte na\u0161o spletno stran. Vstop na dogodka je prost, dobrodo\u0161li!<\/p>\n<p><img loading=\"lazy\" decoding=\"async\" class=\"alignnone size-medium wp-image-3263\" src=\"https:\/\/delo.gsv.si\/wp-content\/uploads\/2026\/04\/23.-4.--212x300.jpg\" alt=\"\" width=\"212\" height=\"300\" \/>\u00a0\u00a0<img loading=\"lazy\" decoding=\"async\" class=\"alignnone size-medium wp-image-3264\" src=\"https:\/\/delo.gsv.si\/wp-content\/uploads\/2026\/04\/25.-4.-169x300.jpg\" alt=\"\" width=\"169\" height=\"300\" \/><\/p>\n<p>&nbsp;<\/p>\n","protected":false},"excerpt":{"rendered":"<p>Dragi obiskovalci, vabimo vas k vpisu v glasbeno \u0161olo za novo \u0161olsko leto 2026\/27!\u00a0Vpis je mo\u017een po predhodni elektronski prijavi, povezavo smo \u017ee aktivirali:\u00a0https:\/\/www.eglasbenasola.si\/vpis\/48\u00a0 Vpis na programe pred\u0161olska glasbena vzgoja, glasbena pripravnica in plesna pripravnica potekajo do zapolnitve mest. Kriterij za sprejem je ustrezna starost. Za vpis na in\u0161trumente, petje in balet se opravi preizkus [&hellip;]<\/p>\n","protected":false},"author":2,"featured_media":3310,"comment_status":"closed","ping_status":"closed","sticky":false,"template":"","format":"standard","meta":{"inline_featured_image":false,"_breakdance_hide_in_design_set":false,"_breakdance_tags":"","footnotes":""},"categories":[13],"tags":[],"class_list":["post-3259","post","type-post","status-publish","format-standard","has-post-thumbnail","hentry","category-nekategorizirano"],"_links":{"self":[{"href":"https:\/\/delo.gsv.si\/index.php?rest_route=\/wp\/v2\/posts\/3259","targetHints":{"allow":["GET"]}}],"collection":[{"href":"https:\/\/delo.gsv.si\/index.php?rest_route=\/wp\/v2\/posts"}],"about":[{"href":"https:\/\/delo.gsv.si\/index.php?rest_route=\/wp\/v2\/types\/post"}],"author":[{"embeddable":true,"href":"https:\/\/delo.gsv.si\/index.php?rest_route=\/wp\/v2\/users\/2"}],"replies":[{"embeddable":true,"href":"https:\/\/delo.gsv.si\/index.php?rest_route=%2Fwp%2Fv2%2Fcomments&post=3259"}],"version-history":[{"count":1,"href":"https:\/\/delo.gsv.si\/index.php?rest_route=\/wp\/v2\/posts\/3259\/revisions"}],"predecessor-version":[{"id":3313,"href":"https:\/\/delo.gsv.si\/index.php?rest_route=\/wp\/v2\/posts\/3259\/revisions\/3313"}],"wp:featuredmedia":[{"embeddable":true,"href":"https:\/\/delo.gsv.si\/index.php?rest_route=\/wp\/v2\/media\/3310"}],"wp:attachment":[{"href":"https:\/\/delo.gsv.si\/index.php?rest_route=%2Fwp%2Fv2%2Fmedia&parent=3259"}],"wp:term":[{"taxonomy":"category","embeddable":true,"href":"https:\/\/delo.gsv.si\/index.php?rest_route=%2Fwp%2Fv2%2Fcategories&post=3259"},{"taxonomy":"post_tag","embeddable":true,"href":"https:\/\/delo.gsv.si\/index.php?rest_route=%2Fwp%2Fv2%2Ftags&post=3259"}],"curies":[{"name":"wp","href":"https:\/\/api.w.org\/{rel}","templated":true}]}}