{"id":3236,"date":"2026-03-01T20:33:28","date_gmt":"2026-03-01T19:33:28","guid":{"rendered":"http:\/\/www.gsv.si\/?p=3236"},"modified":"2026-03-01T20:33:28","modified_gmt":"2026-03-01T19:33:28","slug":"vabilo-na-dogodke-v-mesecu-marcu","status":"publish","type":"post","link":"https:\/\/delo.gsv.si\/?p=3236","title":{"rendered":"Vabilo na dogodke v mesecu marcu"},"content":{"rendered":"<p>Dragi obiskovalci,<\/p>\n<p>v novem, tretjem mesecu jubilejnega leta vas vabimo na nov zanimiv in navdu\u0161ujo\u010d koncert: Glasbena \u0161ola Vrhnika vas skupaj z Big bandom Vrhnika vabi na koncert za skupnih 80 let! Naslov <strong>Na mladih svet stoji<\/strong> razkriva vsebino, kjer bodo u\u010denci glasbene \u0161ole kot solisti ob podpori in budni spremljavi \u010dlanov vrhni\u0161kega big banda zaigrali slovenske ljudske pesmi v novi, mladostni preobleki. Vabimo vas, da se sre\u010damo v kar najve\u010djem \u0161tevilu v ponedeljek, 9. marca, ob 19. uri v Cankarjevem domu Vrhnika. Vstop je prost!<\/p>\n<p>\u0160e nadalje vas vabimo v dvorano glasbene \u0161ole na Vrhniki <strong>vsako sredo ob 18.30<\/strong>, ko se u\u010denke in u\u010denci predstavljajo na rednih \u0161olskih nastopih. Razli\u010dnih starosti, z razli\u010dnimi skladbami in vsak s svojim in\u0161trumentom urijo svoje odrske izku\u0161nje in vas razveseljujejo z vsaki\u010d novimi usvojenimi skladbami. Dobrodo\u0161li!<\/p>\n<p>Na\u0161 okoli\u0161 sega tudi izven meja vrhni\u0161ke enote, zato ste dobrodo\u0161li tudi <strong>v Horjulu in Borovnici<\/strong>! U\u010denci slednje enote bodo nastopili v ponedeljek, 16. marca, ob 18. uri v Tehni\u0161kem muzeju v Bistri. Horjulska enota pa se \u017ee mrzli\u010dno pripravlja na raz\u0161irjeni, <strong>dru\u017einski nastop<\/strong>, ki bo v \u010detrtek, 19. marca, ob 18. uri v Prosvetnem domu Horjul. Toplo vabljeni!<\/p>\n<p>Baletne navdu\u0161ence bomo povabili v Cerknico na nastop u\u010denk 3. razreda <strong>baleta<\/strong> v okviru <strong>Obmo\u010dne revije JSKD<\/strong> v petek, 27. marca. O vstopnicah vas obvestimo naknadno, pokli\u010dite!<\/p>\n<p>Istega dne ljubitelje orgelske glasbe vabimo na \u010disto svoj <strong>koncert u\u010denk in u\u010dencev orgel<\/strong>. Nastop bo v petek, 27. marca ob 18.30 v prostorih \u017dupnije Vrhnika.<\/p>\n<p>V marcu ne pozabite dr\u017eati pesti tudi za na\u0161e tekmovalce. V okviru <strong>55. tekmovanja mladih glasbenikov<\/strong> Republike Slovenije se bodo pomerili s svojimi vrstniki, ki obiskujejo glasbene \u0161ole \u0161irom po Sloveniji. Tereza, Mark, Lana, Peter, Lovro, Lena, Aneta in Lukas bodo vsak s svojim izrazom in osebnostjo obogatili pestro dogajanje v glasbenih \u0161olah ljubljanske regije, ki tokrat gostijo dr\u017eavno tekmovanje. Vso sre\u010do na tekmovalnih nastopih!<\/p>\n<p>Na istem tekmovanju pa \u017eelimo vso sre\u010do tudi nekdanjim u\u010dencem, ki nadaljujejo \u0161olanje na Konservatoriju za glasbo in na Akademiji za glasbo v Ljubljani. Vabimo vas, da jim prisluhnete na predtekmovalnih nastopih v glasbeni \u0161oli, ko se bodo predstavili v zasedbi klavirskega dua in sicer: 5. marca ob 19.30 <strong>Lianu Puciharju<\/strong>, 7. marca ob 18.oo <strong>Nu\u0161i Petkov\u0161ek<\/strong> in 13. marca ob 19.00 <strong>Pablu Kova\u010du Takahashiju <\/strong>in<strong> Martinu Matkovi\u010du<\/strong>.<\/p>\n<p><img loading=\"lazy\" decoding=\"async\" class=\"alignnone wp-image-3237\" src=\"https:\/\/delo.gsv.si\/wp-content\/uploads\/2026\/03\/plakat-214x300.png\" alt=\"\" width=\"338\" height=\"474\" \/><img loading=\"lazy\" decoding=\"async\" class=\"alignnone  wp-image-3244\" src=\"https:\/\/delo.gsv.si\/wp-content\/uploads\/2026\/03\/%C5%A1olski-Borovnica-16.3_-212x300.png\" alt=\"\" width=\"335\" height=\"474\" \/><img loading=\"lazy\" decoding=\"async\" class=\"alignnone  wp-image-3245\" src=\"https:\/\/delo.gsv.si\/wp-content\/uploads\/2026\/03\/dru%C5%BEinski-Horjul-212x300.png\" alt=\"\" width=\"335\" height=\"474\" \/><img loading=\"lazy\" decoding=\"async\" class=\"\" src=\"https:\/\/www.zsgs.si\/wp-content\/uploads\/2015\/12\/temsig_logo.png\" width=\"281\" height=\"201\" \/><\/p>\n","protected":false},"excerpt":{"rendered":"<p>Dragi obiskovalci, v novem, tretjem mesecu jubilejnega leta vas vabimo na nov zanimiv in navdu\u0161ujo\u010d koncert: Glasbena \u0161ola Vrhnika vas skupaj z Big bandom Vrhnika vabi na koncert za skupnih 80 let! Naslov Na mladih svet stoji razkriva vsebino, kjer bodo u\u010denci glasbene \u0161ole kot solisti ob podpori in budni spremljavi \u010dlanov vrhni\u0161kega big banda [&hellip;]<\/p>\n","protected":false},"author":2,"featured_media":0,"comment_status":"closed","ping_status":"closed","sticky":false,"template":"","format":"standard","meta":{"inline_featured_image":false,"_breakdance_hide_in_design_set":false,"_breakdance_tags":"","footnotes":""},"categories":[13],"tags":[],"class_list":["post-3236","post","type-post","status-publish","format-standard","hentry","category-nekategorizirano"],"_links":{"self":[{"href":"https:\/\/delo.gsv.si\/index.php?rest_route=\/wp\/v2\/posts\/3236","targetHints":{"allow":["GET"]}}],"collection":[{"href":"https:\/\/delo.gsv.si\/index.php?rest_route=\/wp\/v2\/posts"}],"about":[{"href":"https:\/\/delo.gsv.si\/index.php?rest_route=\/wp\/v2\/types\/post"}],"author":[{"embeddable":true,"href":"https:\/\/delo.gsv.si\/index.php?rest_route=\/wp\/v2\/users\/2"}],"replies":[{"embeddable":true,"href":"https:\/\/delo.gsv.si\/index.php?rest_route=%2Fwp%2Fv2%2Fcomments&post=3236"}],"version-history":[{"count":0,"href":"https:\/\/delo.gsv.si\/index.php?rest_route=\/wp\/v2\/posts\/3236\/revisions"}],"wp:attachment":[{"href":"https:\/\/delo.gsv.si\/index.php?rest_route=%2Fwp%2Fv2%2Fmedia&parent=3236"}],"wp:term":[{"taxonomy":"category","embeddable":true,"href":"https:\/\/delo.gsv.si\/index.php?rest_route=%2Fwp%2Fv2%2Fcategories&post=3236"},{"taxonomy":"post_tag","embeddable":true,"href":"https:\/\/delo.gsv.si\/index.php?rest_route=%2Fwp%2Fv2%2Ftags&post=3236"}],"curies":[{"name":"wp","href":"https:\/\/api.w.org\/{rel}","templated":true}]}}