{"id":3224,"date":"2026-02-02T07:51:28","date_gmt":"2026-02-02T06:51:28","guid":{"rendered":"http:\/\/www.gsv.si\/?p=3224"},"modified":"2026-02-02T07:51:28","modified_gmt":"2026-02-02T06:51:28","slug":"vabljeni-na-dogodke-v-novem-mesecu","status":"publish","type":"post","link":"https:\/\/delo.gsv.si\/?p=3224","title":{"rendered":"Vabljeni na dogodke v novem mesecu"},"content":{"rendered":"<p>Dragi obiskovalci,<\/p>\n<p>mesec februar bodo otvorili\u00a0u\u010denci oddelka Borovnica. Nastopili bodo v ponedeljek, 2. februarja 2026, ob 18.30 v Tehni\u0161kem muzeju v Bistri.<\/p>\n<p>V sredo, 4. februarja, pa v glasbeni \u0161oli gostujejo u\u010denci Osnovne \u0161ole Ivana Cankarja. V sodelovanju z Glasbeno \u0161olo Moste Polje bodo s posebnim programom obele\u017eili slovenski kulturni praznik, Pre\u0161ernov dan. Ob 18.30 v dvorani G\u0160 Vrhnika.<\/p>\n<p>Naslednjo sredo, 11. februarja, se \u010dlani Pihalnega orkestra G\u0160 Vrhnika odpravljajo v Ljubljano. V presti\u017eni dvorani Slovenske filharmonije bodo nastopili s pihalnima orkestroma G\u0160 Franca \u0160turma, ki ste ju imeli prilo\u017enost sli\u0161ati lansko \u0161olsko leto na Vrhniki. Tokratni skupni koncert bo ob 20. uri, vstopnice pa bomo razdelili le nastopajo\u010dim u\u010dencem. Zato ostanite v stiku in na pre\u017ei za njihovim naslednjim koncertom! \u010ce pa si \u017eelite popestriti ve\u010der, vabljeni na<\/p>\n<p>redni \u0161olski nastop u\u010dencev v sredo, 11. februarja ob 18.30 v dvorni Glasbene \u0161ole Vrhnika.<\/p>\n<p>V \u010detrtek, 12. februarja, se predstavljajo u\u010denci oddelka Horjul in sicer ob 17.30 v Prosvetnem domu Horjul.<\/p>\n<p>Po po\u010ditnicah pa vas vabimo, da s svojo prisotnostjo in aplavzi podprete u\u010dence, ki se v naslednjem mesecu udele\u017eujejo slovenskega dr\u017eavnega tekmovanja TEMSIG. Tekmovalci nas vsakokrat presenetijo z bogatim programom in izvedbami na zavidljivem nivoju. Prepri\u010dani smo, da bo tudi tokrat tako. Prisluhnite harmonikarjema Terezi Mlinar in Marku Zuljanu, trobenta\u010dema Lani Zajec in Petru \u0160viglju, baritonistu Lovru Gromu in klavirskemu triu ALL v sestavi Lena Pupis, Aneta Sven\u0161ek in Lukas Kova\u010d Takahashi. V ponedeljek, 23. 2. in sredo, 25. 2., ob 18.30 v dvorani Glasbene \u0161ole Vrhnika.<\/p>\n<p>Veseli bomo va\u0161ega obiska, dobrodo\u0161li!<\/p>\n<p>[pdf-embedder url=&quot;https:\/\/delo.gsv.si\/wp-content\/uploads\/2026\/02\/Kulturni-dan-4.-2..pdf&quot; title=&quot;Kulturni dan 4. 2.&quot;]<\/p>\n<p><img loading=\"lazy\" decoding=\"async\" class=\"alignnone  wp-image-3230\" src=\"https:\/\/delo.gsv.si\/wp-content\/uploads\/2026\/02\/11.2.-263x300.png\" alt=\"\" width=\"745\" height=\"850\" \/><\/p>\n<p>&nbsp;<\/p>\n<p>&nbsp;<\/p>\n<p>&nbsp;<\/p>\n<p>&nbsp;<\/p>\n<p>&nbsp;<\/p>\n","protected":false},"excerpt":{"rendered":"<p>Dragi obiskovalci, mesec februar bodo otvorili\u00a0u\u010denci oddelka Borovnica. Nastopili bodo v ponedeljek, 2. februarja 2026, ob 18.30 v Tehni\u0161kem muzeju v Bistri. V sredo, 4. februarja, pa v glasbeni \u0161oli gostujejo u\u010denci Osnovne \u0161ole Ivana Cankarja. V sodelovanju z Glasbeno \u0161olo Moste Polje bodo s posebnim programom obele\u017eili slovenski kulturni praznik, Pre\u0161ernov dan. Ob 18.30 [&hellip;]<\/p>\n","protected":false},"author":2,"featured_media":0,"comment_status":"closed","ping_status":"closed","sticky":false,"template":"","format":"standard","meta":{"inline_featured_image":false,"_breakdance_hide_in_design_set":false,"_breakdance_tags":"","footnotes":""},"categories":[13],"tags":[],"class_list":["post-3224","post","type-post","status-publish","format-standard","hentry","category-nekategorizirano"],"_links":{"self":[{"href":"https:\/\/delo.gsv.si\/index.php?rest_route=\/wp\/v2\/posts\/3224","targetHints":{"allow":["GET"]}}],"collection":[{"href":"https:\/\/delo.gsv.si\/index.php?rest_route=\/wp\/v2\/posts"}],"about":[{"href":"https:\/\/delo.gsv.si\/index.php?rest_route=\/wp\/v2\/types\/post"}],"author":[{"embeddable":true,"href":"https:\/\/delo.gsv.si\/index.php?rest_route=\/wp\/v2\/users\/2"}],"replies":[{"embeddable":true,"href":"https:\/\/delo.gsv.si\/index.php?rest_route=%2Fwp%2Fv2%2Fcomments&post=3224"}],"version-history":[{"count":0,"href":"https:\/\/delo.gsv.si\/index.php?rest_route=\/wp\/v2\/posts\/3224\/revisions"}],"wp:attachment":[{"href":"https:\/\/delo.gsv.si\/index.php?rest_route=%2Fwp%2Fv2%2Fmedia&parent=3224"}],"wp:term":[{"taxonomy":"category","embeddable":true,"href":"https:\/\/delo.gsv.si\/index.php?rest_route=%2Fwp%2Fv2%2Fcategories&post=3224"},{"taxonomy":"post_tag","embeddable":true,"href":"https:\/\/delo.gsv.si\/index.php?rest_route=%2Fwp%2Fv2%2Ftags&post=3224"}],"curies":[{"name":"wp","href":"https:\/\/api.w.org\/{rel}","templated":true}]}}